{"id":13189,"date":"2023-04-04T09:13:38","date_gmt":"2023-04-04T07:13:38","guid":{"rendered":"https:\/\/karpatskanadacia.sk\/we-will-support-these-projects-through-the-together-for-children-grant-programme\/"},"modified":"2023-04-04T09:13:39","modified_gmt":"2023-04-04T07:13:39","slug":"we-will-support-these-projects-through-the-together-for-children-grant-programme","status":"publish","type":"post","link":"https:\/\/karpatskanadacia.sk\/en\/we-will-support-these-projects-through-the-together-for-children-grant-programme\/","title":{"rendered":"We will support these projects through the Together for Children grant programme"},"content":{"rendered":"\t\t<div data-elementor-type=\"wp-post\" data-elementor-id=\"13189\" class=\"elementor elementor-13189 elementor-13102\" data-elementor-post-type=\"post\">\n\t\t\t\t\t\t<section class=\"elementor-section elementor-top-section elementor-element elementor-element-f4c7e47 elementor-section-boxed elementor-section-height-default elementor-section-height-default\" data-id=\"f4c7e47\" data-element_type=\"section\">\n\t\t\t\t\t\t<div class=\"elementor-container elementor-column-gap-default\">\n\t\t\t\t\t<div class=\"elementor-column elementor-col-100 elementor-top-column elementor-element elementor-element-fc6ddb9\" data-id=\"fc6ddb9\" data-element_type=\"column\">\n\t\t\t<div class=\"elementor-widget-wrap elementor-element-populated\">\n\t\t\t\t\t\t<div class=\"elementor-element elementor-element-976b950 elementor-widget elementor-widget-text-editor\" data-id=\"976b950\" data-element_type=\"widget\" data-widget_type=\"text-editor.default\">\n\t\t\t\t<div class=\"elementor-widget-container\">\n\t\t\t\t\t\t\t\t\t<h5>The program will support projects that ensure fair access to inclusive education and care for children in their early childhood. Projects will particularly help children fleeing the war in Ukraine, but also other children in need in Slovakia. 106 projects applied for the programme, the expert committee selected 25 of them, we will redistribute a total of 1,001,248 euro.<\/h5>\n\t\t\t\t\t\t\t\t<\/div>\n\t\t\t\t<\/div>\n\t\t\t\t\t<\/div>\n\t\t<\/div>\n\t\t\t\t\t<\/div>\n\t\t<\/section>\n\t\t\t\t<section class=\"elementor-section elementor-top-section elementor-element elementor-element-28f3bae elementor-section-boxed elementor-section-height-default elementor-section-height-default\" data-id=\"28f3bae\" data-element_type=\"section\">\n\t\t\t\t\t\t<div class=\"elementor-container elementor-column-gap-default\">\n\t\t\t\t\t<div class=\"elementor-column elementor-col-100 elementor-top-column elementor-element elementor-element-8c402c6\" data-id=\"8c402c6\" data-element_type=\"column\">\n\t\t\t<div class=\"elementor-widget-wrap elementor-element-populated\">\n\t\t\t\t\t\t<div class=\"elementor-element elementor-element-cf83de4 elementor-widget elementor-widget-text-editor\" data-id=\"cf83de4\" data-element_type=\"widget\" data-widget_type=\"text-editor.default\">\n\t\t\t\t<div class=\"elementor-widget-container\">\n\t\t\t\t\t\t\t\t\t<p>We are doing this programme together with <a href=\"https:\/\/www.unicef.org\/\" target=\"_blank\" rel=\"noopener\">UNICEF<\/a> in order to support municipalities, kindergartens and elementary schools, NGOs, etc., so that they can jointly and systematically improve access to education and its quality. You can read more about the programme <a href=\"https:\/\/karpatskanadacia.sk\/en\/granty\/together-for-children\/\">HERE<\/a>.<\/p>\n\t\t\t\t\t\t\t\t<\/div>\n\t\t\t\t<\/div>\n\t\t\t\t\t<\/div>\n\t\t<\/div>\n\t\t\t\t\t<\/div>\n\t\t<\/section>\n\t\t\t\t<section class=\"elementor-section elementor-top-section elementor-element elementor-element-126ea01 elementor-section-boxed elementor-section-height-default elementor-section-height-default\" data-id=\"126ea01\" data-element_type=\"section\">\n\t\t\t\t\t\t<div class=\"elementor-container elementor-column-gap-default\">\n\t\t\t\t\t<div class=\"elementor-column elementor-col-100 elementor-top-column elementor-element elementor-element-889d78a\" data-id=\"889d78a\" data-element_type=\"column\">\n\t\t\t<div class=\"elementor-widget-wrap elementor-element-populated\">\n\t\t\t\t\t\t<div class=\"elementor-element elementor-element-700a789 elementor-widget elementor-widget-heading\" data-id=\"700a789\" data-element_type=\"widget\" data-widget_type=\"heading.default\">\n\t\t\t\t<div class=\"elementor-widget-container\">\n\t\t\t\t\t<h2 class=\"elementor-heading-title elementor-size-default\">Projects supported within the Large Grants category: <\/h2>\t\t\t\t<\/div>\n\t\t\t\t<\/div>\n\t\t\t\t\t<\/div>\n\t\t<\/div>\n\t\t\t\t\t<\/div>\n\t\t<\/section>\n\t\t\t\t<section class=\"elementor-section elementor-top-section elementor-element elementor-element-896b304 elementor-section-boxed elementor-section-height-default elementor-section-height-default\" data-id=\"896b304\" data-element_type=\"section\">\n\t\t\t\t\t\t<div class=\"elementor-container elementor-column-gap-default\">\n\t\t\t\t\t<div class=\"elementor-column elementor-col-100 elementor-top-column elementor-element elementor-element-955c48d\" data-id=\"955c48d\" data-element_type=\"column\">\n\t\t\t<div class=\"elementor-widget-wrap elementor-element-populated\">\n\t\t\t\t\t\t<div class=\"elementor-element elementor-element-0233bc4 elementor-widget elementor-widget-text-editor\" data-id=\"0233bc4\" data-element_type=\"widget\" data-widget_type=\"text-editor.default\">\n\t\t\t\t<div class=\"elementor-widget-container\">\n\t\t\t\t\t\t\t\t\t<ol>\n<li><strong>Mesto Ro\u017e\u0148ava<\/strong> \u2013 Na de\u0165och z Ukrajiny n\u00e1m z\u00e1le\u017e\u00ed (Ro\u017e\u0148ava)<\/li>\n<li><strong>Ob\u010dianske zdru\u017eenie Spolo\u010denstvo kres\u0165anov Christiana<\/strong> \u2013 Ako doma pre v\u0161etky deti (Bratislava)<\/li>\n<li> <strong>CINEFIL<\/strong> \u2013 \u00dasmev a Rados\u0165 pre Ukrajinu (Ko\u0161ice)<\/li>\n<li><strong>Mesto Snina<\/strong> \u2013 Na\u0161e sertsya jekhetane (Snina)<\/li>\n<li><strong>K13 \u2013 Ko\u0161ick\u00e9 kult\u00farne centr\u00e1<\/strong> \u2013 Ko\u0161ice o\u010dami det\u00ed z Ukrajiny (Ko\u0161ice)<\/li>\n<li><strong>Dobrovo\u013en\u00e1 civiln\u00e1 ochrana<\/strong> \u2013 Podporno-adapta\u010dno-integra\u010dn\u00fd program (PAIP) (Malacky)<\/li>\n<li><strong>Mestsk\u00fd hokejov\u00fd klub Martin<\/strong> \u2013 Pomoc zranite\u013en\u00fdm de\u0165om (Martin)<\/li>\n<li><strong>Ukrajinsk\u00fd dom \u017dilina<\/strong> \u2013 Ideme v tom spolu (\u017dilina)<\/li>\n<li><strong>Medicsam Asoci\u00e1cia<\/strong> \u2013 Darujme n\u00e1dej spolu (Star\u00e1 Tur\u00e1)<\/li>\n<\/ol>\n\t\t\t\t\t\t\t\t<\/div>\n\t\t\t\t<\/div>\n\t\t\t\t\t<\/div>\n\t\t<\/div>\n\t\t\t\t\t<\/div>\n\t\t<\/section>\n\t\t\t\t<section class=\"elementor-section elementor-top-section elementor-element elementor-element-adbabd2 elementor-section-boxed elementor-section-height-default elementor-section-height-default\" data-id=\"adbabd2\" data-element_type=\"section\">\n\t\t\t\t\t\t<div class=\"elementor-container elementor-column-gap-default\">\n\t\t\t\t\t<div class=\"elementor-column elementor-col-100 elementor-top-column elementor-element elementor-element-6fbfa3a\" data-id=\"6fbfa3a\" data-element_type=\"column\">\n\t\t\t<div class=\"elementor-widget-wrap elementor-element-populated\">\n\t\t\t\t\t\t<div class=\"elementor-element elementor-element-b9cdb89 elementor-widget elementor-widget-heading\" data-id=\"b9cdb89\" data-element_type=\"widget\" data-widget_type=\"heading.default\">\n\t\t\t\t<div class=\"elementor-widget-container\">\n\t\t\t\t\t<h2 class=\"elementor-heading-title elementor-size-default\">Projects supported within the Small Grants category: <\/h2>\t\t\t\t<\/div>\n\t\t\t\t<\/div>\n\t\t\t\t\t<\/div>\n\t\t<\/div>\n\t\t\t\t\t<\/div>\n\t\t<\/section>\n\t\t\t\t<section class=\"elementor-section elementor-top-section elementor-element elementor-element-9792d6c elementor-section-boxed elementor-section-height-default elementor-section-height-default\" data-id=\"9792d6c\" data-element_type=\"section\">\n\t\t\t\t\t\t<div class=\"elementor-container elementor-column-gap-default\">\n\t\t\t\t\t<div class=\"elementor-column elementor-col-100 elementor-top-column elementor-element elementor-element-30da663\" data-id=\"30da663\" data-element_type=\"column\">\n\t\t\t<div class=\"elementor-widget-wrap elementor-element-populated\">\n\t\t\t\t\t\t<div class=\"elementor-element elementor-element-d1ab7fd elementor-widget elementor-widget-text-editor\" data-id=\"d1ab7fd\" data-element_type=\"widget\" data-widget_type=\"text-editor.default\">\n\t\t\t\t<div class=\"elementor-widget-container\">\n\t\t\t\t\t\t\t\t\t<ol>\n<li><strong>EFFETA<\/strong> \u2013 Stredisko sv. Franti\u0161ka Salesk\u00e9ho \u2013 SP\u00c1JAME SA PRE DETI SO ZDRAVOTN\u00ddM ZNEV\u00ddHODNEN\u00cdM (Podpora inkluz\u00edvneho vzdel\u00e1vania a starostlivosti det\u00ed so zdravotn\u00fdm znev\u00fdhodnen\u00edm) (Nitra)<\/li>\n<li><strong>Slovensk\u00e9 centrum pomoci<\/strong> \u2013 Wisdom of Trauma (\u010cierne)<\/li>\n<li><strong>ZOEE<\/strong> \u2013 Makovi\u010dky (Ni\u017en\u00e1)<\/li>\n<li><strong>Mesto Trsten\u00e1<\/strong> \u2013 SPOLO\u010cNE to dok\u00e1\u017eeme! (Trsten\u00e1)<\/li>\n<li><strong>Autistick\u00e9 centrum Andreas n. o.<\/strong> \u2013 Sme tu aj pre v\u00e1s\/WE ARE HERE FOR YOU (Bratislava)<\/li>\n<li><strong>B\u00e1bky v nemocnici<\/strong> \u2013 B\u00e1bky v nemocnici hraj\u00fa aj pre ukrajinsk\u00e9 deti. Psychosoci\u00e1lna starostlivos\u0165 a podpora du\u0161evn\u00e9ho zdravia pre host\u00ed z Ukrajiny nielen v nemocniciach (Bratislava)<\/li>\n<li><strong>Different<\/strong> \u2013 ob\u010dianske zdru\u017eenie \u2013 SPOLU PRE DETI V BA\u0160TE (Bardejov)<\/li>\n<li><strong>Mesto Levice<\/strong> \u2013 SP\u00c1JAME DOBRO (Levice)<\/li>\n<li><strong>Inklucentrum-Centrum inkluz\u00edvneho vzdel\u00e1vania<\/strong> \u2013 Trauma re\u0161pektuj\u00faci pr\u00edstup a inkluz\u00edvne vzdel\u00e1vanie (Bratislava)<\/li>\n<li><strong>Z\u00e1kladn\u00e1 \u0161kola s materskou \u0161kolou, M.R. \u0160tef\u00e1nika, Budim\u00edr 11<\/strong> \u2013 Inkl\u00fazia nie je il\u00fazia \u2013 spolu to zvl\u00e1dneme (Budim\u00edr)<\/li>\n<li> <strong> Ga\u0161tanov\u00fd kon\u00edk<\/strong> \u2013 Remeslom k inkl\u00fazii (Snina)<\/li>\n<li><strong>Matersk\u00e1 \u0161kola, Dr. Clementisa 59, Skalica<\/strong> \u2013 SPOLU BEZ BARI\u00c9R (Skalica)<\/li>\n<li><strong>Ob\u010dianske zdru\u017eenie Kolyso\u010dka<\/strong> \u2013 Kol\u00edska \u2013 Inkl\u00fazia hrou pre deti ute\u010dencov z Ukrajiny v S\u00fakromnej materskej \u0161kole (SM\u0160) Kol\u0177so\u010dka v Pre\u0161ove \/ Inclusion through play for children of refugees from Ukraine at the Kol\u0177so\u010dka Private Kindergarten in Pre\u0161ov (Pre\u0161ov)<\/li>\n<li><strong>Centrum v\u010dasnej intervencie Ko\u0161ice, n.o.<\/strong> \u2013 PRV\u00c9 (K)ROKY (first steps) (Ko\u0161ice)<\/li>\n<li><strong>Centrum vzdel\u00e1vania a odbornej pomoci o.z.<\/strong> \u2013 Inkluz\u00edvne vzdel\u00e1vanie zranite\u013en\u00fdch det\u00ed (Modr\u00fd Kame\u0148)<\/li>\n<li><strong>therun.sk, o.z.<\/strong> \u2013 KIDS Run 2023 (Bratislava)<\/li>\n<\/ol>\n\t\t\t\t\t\t\t\t<\/div>\n\t\t\t\t<\/div>\n\t\t\t\t\t<\/div>\n\t\t<\/div>\n\t\t\t\t\t<\/div>\n\t\t<\/section>\n\t\t\t\t<section class=\"elementor-section elementor-top-section elementor-element elementor-element-2c6ec95 elementor-section-boxed elementor-section-height-default elementor-section-height-default\" data-id=\"2c6ec95\" data-element_type=\"section\">\n\t\t\t\t\t\t<div class=\"elementor-container elementor-column-gap-default\">\n\t\t\t\t\t<div class=\"elementor-column elementor-col-100 elementor-top-column elementor-element elementor-element-fecc241\" data-id=\"fecc241\" data-element_type=\"column\">\n\t\t\t<div class=\"elementor-widget-wrap elementor-element-populated\">\n\t\t\t\t\t\t<div class=\"elementor-element elementor-element-061d823 elementor-widget elementor-widget-text-editor\" data-id=\"061d823\" data-element_type=\"widget\" data-widget_type=\"text-editor.default\">\n\t\t\t\t<div class=\"elementor-widget-container\">\n\t\t\t\t\t\t\t\t\t<p>The projects were selected by committees made up of experts in the field of education, schooling and work with children, representatives of municipalities, NGOs and members of the Carpathian Foundation. We believe that these projects will contribute to the healthy development of children and bring systemic and sustainable changes in the long term.<\/p>\n\t\t\t\t\t\t\t\t<\/div>\n\t\t\t\t<\/div>\n\t\t\t\t\t<\/div>\n\t\t<\/div>\n\t\t\t\t\t<\/div>\n\t\t<\/section>\n\t\t\t\t<section class=\"elementor-section elementor-top-section elementor-element elementor-element-b739891 elementor-section-boxed elementor-section-height-default elementor-section-height-default\" data-id=\"b739891\" data-element_type=\"section\">\n\t\t\t\t\t\t<div class=\"elementor-container elementor-column-gap-default\">\n\t\t\t\t\t<div class=\"elementor-column elementor-col-100 elementor-top-column elementor-element elementor-element-22827d2\" data-id=\"22827d2\" data-element_type=\"column\">\n\t\t\t<div class=\"elementor-widget-wrap elementor-element-populated\">\n\t\t\t\t\t\t<div class=\"elementor-element elementor-element-8a2d5a8 elementor-widget elementor-widget-image\" data-id=\"8a2d5a8\" data-element_type=\"widget\" data-widget_type=\"image.default\">\n\t\t\t\t<div class=\"elementor-widget-container\">\n\t\t\t\t\t\t\t\t\t\t\t\t\t\t\t\t<a href=\"https:\/\/www.unicef.org\/\" target=\"_blank\" rel=\"noopener\">\n\t\t\t\t\t\t\t<img fetchpriority=\"high\" decoding=\"async\" width=\"1024\" height=\"380\" src=\"https:\/\/karpatskanadacia.sk\/wp-content\/uploads\/2023\/01\/loga-unicef-a-KN_page-0001-1024x380.jpg\" class=\"attachment-large size-large wp-image-12115\" alt=\"\" srcset=\"https:\/\/karpatskanadacia.sk\/wp-content\/uploads\/2023\/01\/loga-unicef-a-KN_page-0001-1024x380.jpg 1024w, https:\/\/karpatskanadacia.sk\/wp-content\/uploads\/2023\/01\/loga-unicef-a-KN_page-0001-300x111.jpg 300w, https:\/\/karpatskanadacia.sk\/wp-content\/uploads\/2023\/01\/loga-unicef-a-KN_page-0001-768x285.jpg 768w, https:\/\/karpatskanadacia.sk\/wp-content\/uploads\/2023\/01\/loga-unicef-a-KN_page-0001-1536x569.jpg 1536w, https:\/\/karpatskanadacia.sk\/wp-content\/uploads\/2023\/01\/loga-unicef-a-KN_page-0001.jpg 2048w\" sizes=\"(max-width: 1024px) 100vw, 1024px\" \/>\t\t\t\t\t\t\t\t<\/a>\n\t\t\t\t\t\t\t\t\t\t\t\t\t\t\t<\/div>\n\t\t\t\t<\/div>\n\t\t\t\t\t<\/div>\n\t\t<\/div>\n\t\t\t\t\t<\/div>\n\t\t<\/section>\n\t\t\t\t<\/div>\n\t\t","protected":false},"excerpt":{"rendered":"<p>The program will support projects that ensure fair access to inclusive education and care for children in their early childhood. Projects will particularly help children fleeing the war in Ukraine, but also other children in need in Slovakia. 106 projects applied for the programme, the expert committee selected 25 of them, we will redistribute a total of 1,001,248 euro. <\/p>\n","protected":false},"author":7,"featured_media":13120,"comment_status":"closed","ping_status":"closed","sticky":false,"template":"","format":"standard","meta":{"_acf_changed":false,"site-sidebar-layout":"default","site-content-layout":"default","ast-site-content-layout":"default","site-content-style":"default","site-sidebar-style":"default","ast-global-header-display":"","ast-banner-title-visibility":"","ast-main-header-display":"","ast-hfb-above-header-display":"","ast-hfb-below-header-display":"","ast-hfb-mobile-header-display":"","site-post-title":"","ast-breadcrumbs-content":"","ast-featured-img":"","footer-sml-layout":"","ast-disable-related-posts":"","theme-transparent-header-meta":"default","adv-header-id-meta":"","stick-header-meta":"","header-above-stick-meta":"","header-main-stick-meta":"","header-below-stick-meta":"","astra-migrate-meta-layouts":"default","ast-page-background-enabled":"default","ast-page-background-meta":{"desktop":{"background-color":"","background-image":"","background-repeat":"repeat","background-position":"center center","background-size":"auto","background-attachment":"scroll","background-type":"","background-media":"","overlay-type":"","overlay-color":"","overlay-opacity":"","overlay-gradient":""},"tablet":{"background-color":"","background-image":"","background-repeat":"repeat","background-position":"center center","background-size":"auto","background-attachment":"scroll","background-type":"","background-media":"","overlay-type":"","overlay-color":"","overlay-opacity":"","overlay-gradient":""},"mobile":{"background-color":"","background-image":"","background-repeat":"repeat","background-position":"center center","background-size":"auto","background-attachment":"scroll","background-type":"","background-media":"","overlay-type":"","overlay-color":"","overlay-opacity":"","overlay-gradient":""}},"ast-content-background-meta":{"desktop":{"background-color":"var(--ast-global-color-5)","background-image":"","background-repeat":"repeat","background-position":"center center","background-size":"auto","background-attachment":"scroll","background-type":"","background-media":"","overlay-type":"","overlay-color":"","overlay-opacity":"","overlay-gradient":""},"tablet":{"background-color":"var(--ast-global-color-5)","background-image":"","background-repeat":"repeat","background-position":"center center","background-size":"auto","background-attachment":"scroll","background-type":"","background-media":"","overlay-type":"","overlay-color":"","overlay-opacity":"","overlay-gradient":""},"mobile":{"background-color":"var(--ast-global-color-5)","background-image":"","background-repeat":"repeat","background-position":"center center","background-size":"auto","background-attachment":"scroll","background-type":"","background-media":"","overlay-type":"","overlay-color":"","overlay-opacity":"","overlay-gradient":""}},"footnotes":""},"categories":[29],"tags":[],"class_list":["post-13189","post","type-post","status-publish","format-standard","has-post-thumbnail","hentry","category-news"],"acf":[],"_links":{"self":[{"href":"https:\/\/karpatskanadacia.sk\/en\/wp-json\/wp\/v2\/posts\/13189","targetHints":{"allow":["GET"]}}],"collection":[{"href":"https:\/\/karpatskanadacia.sk\/en\/wp-json\/wp\/v2\/posts"}],"about":[{"href":"https:\/\/karpatskanadacia.sk\/en\/wp-json\/wp\/v2\/types\/post"}],"author":[{"embeddable":true,"href":"https:\/\/karpatskanadacia.sk\/en\/wp-json\/wp\/v2\/users\/7"}],"replies":[{"embeddable":true,"href":"https:\/\/karpatskanadacia.sk\/en\/wp-json\/wp\/v2\/comments?post=13189"}],"version-history":[{"count":2,"href":"https:\/\/karpatskanadacia.sk\/en\/wp-json\/wp\/v2\/posts\/13189\/revisions"}],"predecessor-version":[{"id":13191,"href":"https:\/\/karpatskanadacia.sk\/en\/wp-json\/wp\/v2\/posts\/13189\/revisions\/13191"}],"wp:featuredmedia":[{"embeddable":true,"href":"https:\/\/karpatskanadacia.sk\/en\/wp-json\/wp\/v2\/media\/13120"}],"wp:attachment":[{"href":"https:\/\/karpatskanadacia.sk\/en\/wp-json\/wp\/v2\/media?parent=13189"}],"wp:term":[{"taxonomy":"category","embeddable":true,"href":"https:\/\/karpatskanadacia.sk\/en\/wp-json\/wp\/v2\/categories?post=13189"},{"taxonomy":"post_tag","embeddable":true,"href":"https:\/\/karpatskanadacia.sk\/en\/wp-json\/wp\/v2\/tags?post=13189"}],"curies":[{"name":"wp","href":"https:\/\/api.w.org\/{rel}","templated":true}]}}