{"id":18371,"date":"2024-06-09T17:14:47","date_gmt":"2024-06-09T15:14:47","guid":{"rendered":"https:\/\/karpatskanadacia.sk\/check-out-inspiring-videos-from-the-international-conference-on-inclusive-education\/"},"modified":"2024-06-09T17:33:09","modified_gmt":"2024-06-09T15:33:09","slug":"check-out-inspiring-videos-from-the-international-conference-on-inclusive-education","status":"publish","type":"post","link":"https:\/\/karpatskanadacia.sk\/en\/check-out-inspiring-videos-from-the-international-conference-on-inclusive-education\/","title":{"rendered":"Check out inspiring videos from the International Conference on Inclusive Education"},"content":{"rendered":"\t\t<div data-elementor-type=\"wp-post\" data-elementor-id=\"18371\" class=\"elementor elementor-18371 elementor-17667\" data-elementor-post-type=\"post\">\n\t\t\t\t<div class=\"elementor-element elementor-element-e735531 e-flex e-con-boxed e-con e-parent\" data-id=\"e735531\" data-element_type=\"container\">\n\t\t\t\t\t<div class=\"e-con-inner\">\n\t\t\t\t<div class=\"elementor-element elementor-element-fddc395 elementor-widget elementor-widget-text-editor\" data-id=\"fddc395\" data-element_type=\"widget\" data-widget_type=\"text-editor.default\">\n\t\t\t\t<div class=\"elementor-widget-container\">\n\t\t\t\t\t\t\t\t\t<h5><span class=\"NormalTextRun CommentStart SCXW46368721 BCX8\">At the International Conference on Inclusive Education, &#8220;A Way Forward In Slovakia,&#8221; experts from Portugal, Switzerland, Belgium, Greece, <\/span> <span class=\"NormalTextRun SCXW46368721 BCX8\">the USA, Serbia, Bulgaria, the Czech Republic,<\/span><span class=\"NormalTextRun SCXW46368721 BCX8\"> and Slovakia shared many important experiences, inspirations, and lessons from inclusive education. Recordings of insightful lectures, presentations, or workshops can be viewed in the videos in this article.<\/span><\/h5>\n\t\t\t\t\t\t\t\t<\/div>\n\t\t\t\t<\/div>\n\t\t\t\t\t<\/div>\n\t\t\t\t<\/div>\n\t\t<div class=\"elementor-element elementor-element-b150e3f e-flex e-con-boxed e-con e-parent\" data-id=\"b150e3f\" data-element_type=\"container\">\n\t\t\t\t\t<div class=\"e-con-inner\">\n\t\t\t\t<div class=\"elementor-element elementor-element-54e25bd elementor-widget elementor-widget-text-editor\" data-id=\"54e25bd\" data-element_type=\"widget\" data-widget_type=\"text-editor.default\">\n\t\t\t\t<div class=\"elementor-widget-container\">\n\t\t\t\t\t\t\t\t\t<p><span class=\"TextRun Highlight SCXW36997630 BCX8\" lang=\"SK-SK\" xml:lang=\"SK-SK\" data-contrast=\"none\"><span class=\"NormalTextRun CommentStart SCXW36997630 BCX8\" data-ccp-charstyle=\"normaltextrun\" data-ccp-charstyle-defn=\"{\"ObjectId\":\"35744399-2d6f-44e7-83e1-ae796c9aa275|45\",\"ClassId\":1073872969,\"Properties\":[469775450,\"normaltextrun\",201340122,\"1\",134233614,\"true\",469778129,\"normaltextrun\",335572020,\"1\",469778324,\"Default Paragraph Font\"]}\">The conference <\/span><span class=\"NormalTextRun SCXW36997630 BCX8\" data-ccp-charstyle=\"normaltextrun\">took place on 4. December 4th and 5th in Bratislava<\/span><span class=\"NormalTextRun SCXW36997630 BCX8\" data-ccp-charstyle=\"normaltextrun\"> ,<\/span> <span class=\"NormalTextRun SCXW36997630 BCX8\" data-ccp-charstyle=\"normaltextrun\">w<\/span><span class=\"NormalTextRun SCXW36997630 BCX8\" data-ccp-charstyle=\"normaltextrun\">ith<\/span> <span class=\"NormalTextRun SCXW36997630 BCX8\" data-ccp-charstyle=\"normaltextrun\"><strong>30 education policy experts and creators<\/strong> from<\/span> <span class=\"NormalTextRun SCXW36997630 BCX8\" data-ccp-charstyle=\"normaltextrun\">both domestic and international backgrounds <\/span> <span class=\"NormalTextRun SCXW36997630 BCX8\" data-ccp-charstyle=\"normaltextrun\">speaking<\/span><span class=\"NormalTextRun SCXW36997630 BCX8\" data-ccp-charstyle=\"normaltextrun\">.<\/span> <span class=\"NormalTextRun SCXW36997630 BCX8\" data-ccp-charstyle=\"normaltextrun\">O<\/span><span class=\"NormalTextRun SCXW36997630 BCX8\" data-ccp-charstyle=\"normaltextrun\">v<\/span><span class=\"NormalTextRun SCXW36997630 BCX8\" data-ccp-charstyle=\"normaltextrun\">e<\/span><span class=\"NormalTextRun SCXW36997630 BCX8\" data-ccp-charstyle=\"normaltextrun\">r<\/span> <span class=\"NormalTextRun SCXW36997630 BCX8\" data-ccp-charstyle=\"normaltextrun\"><strong>160 guests <\/strong> attended, including <\/span><span class=\"NormalTextRun SCXW36997630 BCX8\" data-ccp-charstyle=\"normaltextrun\">representatives from ministries, public institutions, schools, and the non-governmental sector. <\/span><\/span><\/p>\n<p><span class=\"TextRun Highlight SCXW36997630 BCX8\" lang=\"SK-SK\" data-contrast=\"none\"><span class=\"NormalTextRun SCXW36997630 BCX8\" data-ccp-charstyle=\"normaltextrun\">Together, they<\/span> <span class=\"NormalTextRun SCXW36997630 BCX8\" data-ccp-charstyle=\"normaltextrun\">presented and discussed<\/span> <strong><span class=\"NormalTextRun SCXW36997630 BCX8\" data-ccp-charstyle=\"normaltextrun\">experiences related to<\/span><\/strong><\/span><strong><span class=\"TrackChangeTextInsertion TrackedChange SCXW36997630 BCX8\"><span class=\"TextRun SCXW36997630 BCX8\" lang=\"SK-SK\" data-contrast=\"none\"><span class=\"NormalTextRun SCXW36997630 BCX8\" data-ccp-charstyle=\"normaltextrun\"> <\/span><\/span><\/span><\/strong><span class=\"TextRun Highlight SCXW36997630 BCX8\" lang=\"SK-SK\" xml:lang=\"SK-SK\" data-contrast=\"none\"><strong><span class=\"NormalTextRun SCXW36997630 BCX8\" data-ccp-charstyle=\"normaltextrun\">poli<\/span><span class=\"NormalTextRun SCXW36997630 BCX8\" data-ccp-charstyle=\"normaltextrun\">cies<\/span><span class=\"NormalTextRun SCXW36997630 BCX8\" data-ccp-charstyle=\"normaltextrun\">,<\/span> <span class=\"NormalTextRun SCXW36997630 BCX8\" data-ccp-charstyle=\"normaltextrun\">systems<\/span><span class=\"NormalTextRun SCXW36997630 BCX8\" data-ccp-charstyle=\"normaltextrun\">, and practices<\/span> <span class=\"NormalTextRun SCXW36997630 BCX8\" data-ccp-charstyle=\"normaltextrun\">of<\/span><\/strong><span class=\"NormalTextRun SCXW36997630 BCX8\" data-ccp-charstyle=\"normaltextrun\"> <strong>quality inclusive education<\/strong>. <\/span><span class=\"NormalTextRun SCXW36997630 BCX8\" data-ccp-charstyle=\"normaltextrun\">They agreed <\/span> <span class=\"NormalTextRun SCXW36997630 BCX8\" data-ccp-charstyle=\"normaltextrun\">that initial and ongoing <strong>teacher education is key<\/strong> to achieving the desired competencies for all children and next phases<\/span> <span class=\"NormalTextRun SCXW36997630 BCX8\" data-ccp-charstyle=\"normaltextrun\">of educational<\/span> <span class=\"NormalTextRun SCXW36997630 BCX8\" data-ccp-charstyle=\"normaltextrun\">reform<\/span> <span class=\"NormalTextRun SCXW36997630 BCX8\" data-ccp-charstyle=\"normaltextrun\"> in Slovakia.<\/span> <span class=\"NormalTextRun CommentStart SCXW36997630 BCX8\" data-ccp-charstyle=\"normaltextrun\">The event also aimed<\/span> <span class=\"NormalTextRun SCXW36997630 BCX8\" data-ccp-charstyle=\"normaltextrun\">to<\/span> <span class=\"NormalTextRun SCXW36997630 BCX8\" data-ccp-charstyle=\"normaltextrun\"><strong>discuss progress in inclusive education in Slovakia<\/strong><\/span> <span class=\"NormalTextRun SCXW36997630 BCX8\" data-ccp-charstyle=\"normaltextrun\">and<\/span> <span class=\"NormalTextRun SCXW36997630 BCX8\" data-ccp-charstyle=\"normaltextrun\"><strong>identify persistent barriers <\/strong> to ensuring quality education for every child<\/span><span class=\"NormalTextRun SCXW36997630 BCX8\" data-ccp-charstyle=\"normaltextrun\">.<\/span><\/span><span class=\"TextRun Highlight SCXW36997630 BCX8\" lang=\"SK-SK\" xml:lang=\"SK-SK\" data-contrast=\"none\"><span class=\"NormalTextRun SCXW36997630 BCX8\" data-ccp-charstyle=\"eop\" data-ccp-charstyle-defn=\"{\"ObjectId\":\"35744399-2d6f-44e7-83e1-ae796c9aa275|46\",\"ClassId\":1073872969,\"Properties\":[469775450,\"eop\",201340122,\"1\",134233614,\"true\",469778129,\"eop\",335572020,\"1\",469778324,\"Default Paragraph Font\"]}\">.<\/span><\/span><span class=\"EOP SCXW36997630 BCX8\" data-ccp-props=\"{\"201341983\":0,\"335559739\":160,\"335559740\":278}\"> <\/span><\/p>\n\t\t\t\t\t\t\t\t<\/div>\n\t\t\t\t<\/div>\n\t\t\t\t\t<\/div>\n\t\t\t\t<\/div>\n\t\t<div class=\"elementor-element elementor-element-6899cbc e-flex e-con-boxed e-con e-parent\" data-id=\"6899cbc\" data-element_type=\"container\">\n\t\t\t\t\t<div class=\"e-con-inner\">\n\t\t\t\t<div class=\"elementor-element elementor-element-b2fab85 elementor-widget elementor-widget-heading\" data-id=\"b2fab85\" data-element_type=\"widget\" data-widget_type=\"heading.default\">\n\t\t\t\t<div class=\"elementor-widget-container\">\n\t\t\t\t\t<h2 class=\"elementor-heading-title elementor-size-default\">Conference Opening <\/h2>\t\t\t\t<\/div>\n\t\t\t\t<\/div>\n\t\t\t\t\t<\/div>\n\t\t\t\t<\/div>\n\t\t<div class=\"elementor-element elementor-element-3147301 e-flex e-con-boxed e-con e-parent\" data-id=\"3147301\" data-element_type=\"container\">\n\t\t\t\t\t<div class=\"e-con-inner\">\n\t\t\t\t<div class=\"elementor-element elementor-element-f4abfc2 elementor-widget elementor-widget-text-editor\" data-id=\"f4abfc2\" data-element_type=\"widget\" data-widget_type=\"text-editor.default\">\n\t\t\t\t<div class=\"elementor-widget-container\">\n\t\t\t\t\t\t\t\t\t<p><span class=\"TextRun SCXW106980322 BCX8\" lang=\"SK-SK\" xml:lang=\"SK-SK\" data-contrast=\"auto\"><span class=\"NormalTextRun SCXW106980322 BCX8\">Opening speeches <strong>addressed current efforts towards developing an inclusive society and implementing inclusive education in Slovakia<\/strong>, along with the associated challenges for our educational system. The key effort is for all children, including those with additional needs, to benefit from qualified teachers, flexible and inclusive pedagogy, educational materials, and individual support that facilitates their participation in education and enables them to fully develop their potential. <\/span><\/span><span class=\"EOP SCXW106980322 BCX8\" data-ccp-props=\"{\"201341983\":0,\"335559739\":160,\"335559740\":278}\"> <\/span><\/p>\n\t\t\t\t\t\t\t\t<\/div>\n\t\t\t\t<\/div>\n\t\t\t\t\t<\/div>\n\t\t\t\t<\/div>\n\t\t<div class=\"elementor-element elementor-element-fb0cdbb e-flex e-con-boxed e-con e-parent\" data-id=\"fb0cdbb\" data-element_type=\"container\">\n\t\t\t\t\t<div class=\"e-con-inner\">\n\t\t\t\t<div class=\"elementor-element elementor-element-62dfa30 elementor-widget elementor-widget-video\" data-id=\"62dfa30\" data-element_type=\"widget\" data-settings=\"{&quot;youtube_url&quot;:&quot;https:\\\/\\\/youtu.be\\\/uVLOxsq-WEc&quot;,&quot;video_type&quot;:&quot;youtube&quot;,&quot;controls&quot;:&quot;yes&quot;}\" data-widget_type=\"video.default\">\n\t\t\t\t<div class=\"elementor-widget-container\">\n\t\t\t\t\t\t\t<div class=\"elementor-wrapper elementor-open-inline\">\n\t\t\t<div class=\"elementor-video\"><\/div>\t\t<\/div>\n\t\t\t\t\t\t<\/div>\n\t\t\t\t<\/div>\n\t\t\t\t\t<\/div>\n\t\t\t\t<\/div>\n\t\t<div class=\"elementor-element elementor-element-38a03a8 e-flex e-con-boxed e-con e-parent\" data-id=\"38a03a8\" data-element_type=\"container\">\n\t\t\t\t\t<div class=\"e-con-inner\">\n\t\t\t\t\t<\/div>\n\t\t\t\t<\/div>\n\t\t<div class=\"elementor-element elementor-element-782ac20 e-flex e-con-boxed e-con e-parent\" data-id=\"782ac20\" data-element_type=\"container\">\n\t\t\t\t\t<div class=\"e-con-inner\">\n\t\t\t\t<div class=\"elementor-element elementor-element-80192b6 elementor-widget elementor-widget-heading\" data-id=\"80192b6\" data-element_type=\"widget\" data-widget_type=\"heading.default\">\n\t\t\t\t<div class=\"elementor-widget-container\">\n\t\t\t\t\t<h2 class=\"elementor-heading-title elementor-size-default\">Status of policy reforms for education quality and inclusion in Slovakia <\/h2>\t\t\t\t<\/div>\n\t\t\t\t<\/div>\n\t\t\t\t\t<\/div>\n\t\t\t\t<\/div>\n\t\t<div class=\"elementor-element elementor-element-c8c0599 e-flex e-con-boxed e-con e-parent\" data-id=\"c8c0599\" data-element_type=\"container\">\n\t\t\t\t\t<div class=\"e-con-inner\">\n\t\t\t\t<div class=\"elementor-element elementor-element-9df7ca7 elementor-widget elementor-widget-text-editor\" data-id=\"9df7ca7\" data-element_type=\"widget\" data-widget_type=\"text-editor.default\">\n\t\t\t\t<div class=\"elementor-widget-container\">\n\t\t\t\t\t\t\t\t\t<p><span data-contrast=\"auto\">The curriculum reform within<\/span> <em>the Recovery Plan<\/em><span data-contrast=\"auto\"> <strong>includes the introduction of inclusive elements into the educational process<\/strong> and the <strong>strengthening of teachers&#8217; competencies<\/strong>. Part of this effort is <\/span><i><span data-contrast=\"auto\">the Catalog of Support Measures,<\/span><\/i><span data-contrast=\"auto\">which aims to help create <strong>a supportive system in schools<\/strong> for all children without distinction. <em>K\u00e1lm\u00e1n Pet\u0151cz <\/em> (Ministry of Education of the SR) and <em>Svetlana S\u00edthov\u00e1 <\/em> (NIVAM) discussed how these mechanisms will be implemented in practice.<\/span><span data-ccp-props=\"{\"201341983\":0,\"335559739\":160,\"335559740\":278}\"> <\/span><\/p>\n<p><span data-contrast=\"auto\"><strong>Experiences from practice<\/strong> at the level of primary schools were shared by <em>Jana Bavo\u013e\u00e1rov\u00e1<\/em>, the headmaster of a primary school in Budim\u00edr. <em>Monika Fri\u010dov\u00e1<\/em>, the director of the<\/span><span data-contrast=\"auto\">Platform of Families of Children with Disabilities, discussed <strong>the needs of children with disabilities<\/strong> within the educational process.<\/span> <span data-ccp-props=\"{\"201341983\":0,\"335559739\":160,\"335559740\":278}\"> <\/span><\/p>\n\t\t\t\t\t\t\t\t<\/div>\n\t\t\t\t<\/div>\n\t\t\t\t\t<\/div>\n\t\t\t\t<\/div>\n\t\t<div class=\"elementor-element elementor-element-c82ff87 e-flex e-con-boxed e-con e-parent\" data-id=\"c82ff87\" data-element_type=\"container\">\n\t\t\t\t\t<div class=\"e-con-inner\">\n\t\t\t\t<div class=\"elementor-element elementor-element-403c5ed elementor-widget elementor-widget-video\" data-id=\"403c5ed\" data-element_type=\"widget\" data-settings=\"{&quot;youtube_url&quot;:&quot;https:\\\/\\\/youtu.be\\\/b7ruEnRpTpo&quot;,&quot;video_type&quot;:&quot;youtube&quot;,&quot;controls&quot;:&quot;yes&quot;}\" data-widget_type=\"video.default\">\n\t\t\t\t<div class=\"elementor-widget-container\">\n\t\t\t\t\t\t\t<div class=\"elementor-wrapper elementor-open-inline\">\n\t\t\t<div class=\"elementor-video\"><\/div>\t\t<\/div>\n\t\t\t\t\t\t<\/div>\n\t\t\t\t<\/div>\n\t\t\t\t\t<\/div>\n\t\t\t\t<\/div>\n\t\t<div class=\"elementor-element elementor-element-1990197 e-flex e-con-boxed e-con e-parent\" data-id=\"1990197\" data-element_type=\"container\">\n\t\t\t\t\t<div class=\"e-con-inner\">\n\t\t\t\t\t<\/div>\n\t\t\t\t<\/div>\n\t\t<div class=\"elementor-element elementor-element-71883dd e-flex e-con-boxed e-con e-parent\" data-id=\"71883dd\" data-element_type=\"container\">\n\t\t\t\t\t<div class=\"e-con-inner\">\n\t\t\t\t<div class=\"elementor-element elementor-element-db83cd7 elementor-widget elementor-widget-heading\" data-id=\"db83cd7\" data-element_type=\"widget\" data-widget_type=\"heading.default\">\n\t\t\t\t<div class=\"elementor-widget-container\">\n\t\t\t\t\t<h2 class=\"elementor-heading-title elementor-size-default\">Inspirational examples from abroad on implementing inclusive education in Slovakia<\/h2>\t\t\t\t<\/div>\n\t\t\t\t<\/div>\n\t\t\t\t\t<\/div>\n\t\t\t\t<\/div>\n\t\t<div class=\"elementor-element elementor-element-743d939 e-flex e-con-boxed e-con e-parent\" data-id=\"743d939\" data-element_type=\"container\">\n\t\t\t\t\t<div class=\"e-con-inner\">\n\t\t\t\t<div class=\"elementor-element elementor-element-94fc653 elementor-widget elementor-widget-text-editor\" data-id=\"94fc653\" data-element_type=\"widget\" data-widget_type=\"text-editor.default\">\n\t\t\t\t<div class=\"elementor-widget-container\">\n\t\t\t\t\t\t\t\t\t<p><span data-contrast=\"auto\">How is inclusion approached in Portugal and other countries? In this video, guest speakers discuss <strong>foreign policies and recommendations from the European Union and UNICEF regarding the implementation of an inclusive<\/strong> <\/span><span data-contrast=\"auto\"><strong>approach to education<\/strong>. <em>Maida Pasic<\/em>, a UNICEF Regional Education Advisor, <\/span><span data-contrast=\"auto\"><em>Mary Kyriazopolou<\/em> from the European Agency for Inclusive Education and Special Needs<\/span><span data-ccp-props=\"{\"134233117\":false,\"134233118\":false,\"201341983\":0,\"335551550\":0,\"335551620\":0,\"335557856\":16777215,\"335559738\":0,\"335559739\":0,\"335559740\":278}\"> <\/span><span data-contrast=\"auto\">and <em>Filomena Pereira<\/em>, Director of the Department of Special Needs Education, Ministry of Education, Portugal, shared experiences of providing quality inclusive education in their countries. <\/span><span data-ccp-props=\"{\"134233117\":false,\"134233118\":false,\"201341983\":0,\"335551550\":0,\"335551620\":0,\"335557856\":16777215,\"335559738\":0,\"335559739\":0,\"335559740\":278}\"> <\/span><\/p>\n\t\t\t\t\t\t\t\t<\/div>\n\t\t\t\t<\/div>\n\t\t\t\t\t<\/div>\n\t\t\t\t<\/div>\n\t\t<div class=\"elementor-element elementor-element-cfda889 e-flex e-con-boxed e-con e-parent\" data-id=\"cfda889\" data-element_type=\"container\">\n\t\t\t\t\t<div class=\"e-con-inner\">\n\t\t\t\t<div class=\"elementor-element elementor-element-d9789de elementor-widget elementor-widget-video\" data-id=\"d9789de\" data-element_type=\"widget\" data-settings=\"{&quot;youtube_url&quot;:&quot;https:\\\/\\\/youtu.be\\\/lTfDIVi9R8w&quot;,&quot;video_type&quot;:&quot;youtube&quot;,&quot;controls&quot;:&quot;yes&quot;}\" data-widget_type=\"video.default\">\n\t\t\t\t<div class=\"elementor-widget-container\">\n\t\t\t\t\t\t\t<div class=\"elementor-wrapper elementor-open-inline\">\n\t\t\t<div class=\"elementor-video\"><\/div>\t\t<\/div>\n\t\t\t\t\t\t<\/div>\n\t\t\t\t<\/div>\n\t\t\t\t\t<\/div>\n\t\t\t\t<\/div>\n\t\t<div class=\"elementor-element elementor-element-cd4afe6 e-flex e-con-boxed e-con e-parent\" data-id=\"cd4afe6\" data-element_type=\"container\">\n\t\t\t\t\t<div class=\"e-con-inner\">\n\t\t\t\t\t<\/div>\n\t\t\t\t<\/div>\n\t\t<div class=\"elementor-element elementor-element-911226f e-flex e-con-boxed e-con e-parent\" data-id=\"911226f\" data-element_type=\"container\">\n\t\t\t\t\t<div class=\"e-con-inner\">\n\t\t\t\t<div class=\"elementor-element elementor-element-5c349ae elementor-widget elementor-widget-heading\" data-id=\"5c349ae\" data-element_type=\"widget\" data-widget_type=\"heading.default\">\n\t\t\t\t<div class=\"elementor-widget-container\">\n\t\t\t\t\t<h2 class=\"elementor-heading-title elementor-size-default\">What is needed to advance inclusion in education? <\/h2>\t\t\t\t<\/div>\n\t\t\t\t<\/div>\n\t\t\t\t\t<\/div>\n\t\t\t\t<\/div>\n\t\t<div class=\"elementor-element elementor-element-4f2e2bb e-flex e-con-boxed e-con e-parent\" data-id=\"4f2e2bb\" data-element_type=\"container\">\n\t\t\t\t\t<div class=\"e-con-inner\">\n\t\t\t\t<div class=\"elementor-element elementor-element-8ea20c8 elementor-widget elementor-widget-text-editor\" data-id=\"8ea20c8\" data-element_type=\"widget\" data-widget_type=\"text-editor.default\">\n\t\t\t\t<div class=\"elementor-widget-container\">\n\t\t\t\t\t\t\t\t\t<p><span class=\"TextRun SCXW243471956 BCX8\" lang=\"SK-SK\" xml:lang=\"SK-SK\" data-contrast=\"auto\"><span class=\"NormalTextRun CommentStart SCXW243471956 BCX8\">How <strong>to support<\/strong> <\/span><strong><span class=\"NormalTextRun SCXW243471956 BCX8\">diversity i<\/span><\/strong><span class=\"NormalTextRun SCXW243471956 BCX8\"><strong>n the classroom<\/strong><\/span> <span class=\"NormalTextRun SCXW243471956 BCX8\">and<\/span> <strong><span class=\"NormalTextRun SCXW243471956 BCX8\">how<\/span> <span class=\"NormalTextRun SCXW243471956 BCX8\">do<\/span><\/strong><span class=\"NormalTextRun SCXW243471956 BCX8\"> <strong>various disadvantages of children affect their academic performance<\/strong>? <\/span><span class=\"NormalTextRun SCXW243471956 BCX8\">These topics were addresse<\/span><span class=\"NormalTextRun SCXW243471956 BCX8\">d <\/span> <span class=\"NormalTextRun SCXW243471956 BCX8\">by<\/span> <span class=\"NormalTextRun SCXW243471956 BCX8\">Professor<\/span> <em><span class=\"NormalTextRun SpellingErrorV2Themed SCXW243471956 BCX8\">Judith<\/span> <span class=\"NormalTextRun SpellingErrorV2Themed SCXW243471956 BCX8\">Hollenweger<\/span> <span class=\"NormalTextRun SpellingErrorV2Themed SCXW243471956 BCX8\">Haskell<\/span><\/em><span class=\"NormalTextRun SCXW243471956 BCX8\"> from the University of Zurich. The headmaster<\/span> <span class=\"NormalTextRun SCXW243471956 BCX8\">primary <\/span> <span class=\"NormalTextRun SCXW243471956 BCX8\">school<\/span> <span class=\"NormalTextRun SCXW243471956 BCX8\">in Topo\u013e\u010dany,<\/span> <em><span class=\"NormalTextRun SCXW243471956 BCX8\">M\u00e1ria Bez\u00e1kov\u00e1<\/span><\/em><span class=\"NormalTextRun SCXW243471956 BCX8\">,<\/span> <span class=\"NormalTextRun SCXW243471956 BCX8\">share<\/span><span class=\"NormalTextRun SCXW243471956 BCX8\">d<\/span> <span class=\"NormalTextRun SCXW243471956 BCX8\">examples of good practice in inclusive education<\/span> <span class=\"NormalTextRun SCXW243471956 BCX8\">from Slovakia<\/span>. <span class=\"NormalTextRun SCXW243471956 BCX8\"><em>Peter Kraj\u0148\u00e1k<\/em>, Deputy Mayor,<\/span> <span class=\"NormalTextRun SCXW243471956 BCX8\">M<\/span><span class=\"NormalTextRun SCXW243471956 BCX8\">unicipality of Pre\u0161ov,<\/span> <span class=\"NormalTextRun SCXW243471956 BCX8\">discussed<\/span><span class=\"NormalTextRun SCXW243471956 BCX8\"> school funding and the need for stable support for disadvantaged students. Watch this thought-provoking discussion in the video below. <\/span><\/span><span class=\"EOP SCXW243471956 BCX8\" data-ccp-props=\"{\"201341983\":0,\"335559739\":160,\"335559740\":278}\"> <\/span><\/p>\n\t\t\t\t\t\t\t\t<\/div>\n\t\t\t\t<\/div>\n\t\t\t\t\t<\/div>\n\t\t\t\t<\/div>\n\t\t<div class=\"elementor-element elementor-element-fd113fe e-flex e-con-boxed e-con e-parent\" data-id=\"fd113fe\" data-element_type=\"container\">\n\t\t\t\t\t<div class=\"e-con-inner\">\n\t\t\t\t<div class=\"elementor-element elementor-element-b1fcfae elementor-widget elementor-widget-video\" data-id=\"b1fcfae\" data-element_type=\"widget\" data-settings=\"{&quot;youtube_url&quot;:&quot;https:\\\/\\\/youtu.be\\\/Q6xt460cdvk&quot;,&quot;video_type&quot;:&quot;youtube&quot;,&quot;controls&quot;:&quot;yes&quot;}\" data-widget_type=\"video.default\">\n\t\t\t\t<div class=\"elementor-widget-container\">\n\t\t\t\t\t\t\t<div class=\"elementor-wrapper elementor-open-inline\">\n\t\t\t<div class=\"elementor-video\"><\/div>\t\t<\/div>\n\t\t\t\t\t\t<\/div>\n\t\t\t\t<\/div>\n\t\t\t\t\t<\/div>\n\t\t\t\t<\/div>\n\t\t<div class=\"elementor-element elementor-element-5244c7e e-flex e-con-boxed e-con e-parent\" data-id=\"5244c7e\" data-element_type=\"container\">\n\t\t\t\t\t<div class=\"e-con-inner\">\n\t\t\t\t\t<\/div>\n\t\t\t\t<\/div>\n\t\t<div class=\"elementor-element elementor-element-43f9c90 e-flex e-con-boxed e-con e-parent\" data-id=\"43f9c90\" data-element_type=\"container\">\n\t\t\t\t\t<div class=\"e-con-inner\">\n\t\t\t\t<div class=\"elementor-element elementor-element-c158c87 elementor-widget elementor-widget-heading\" data-id=\"c158c87\" data-element_type=\"widget\" data-widget_type=\"heading.default\">\n\t\t\t\t<div class=\"elementor-widget-container\">\n\t\t\t\t\t<h2 class=\"elementor-heading-title elementor-size-default\">Why are education and care in early childhood crucial? <\/h2>\t\t\t\t<\/div>\n\t\t\t\t<\/div>\n\t\t\t\t\t<\/div>\n\t\t\t\t<\/div>\n\t\t<div class=\"elementor-element elementor-element-e78a35e e-flex e-con-boxed e-con e-parent\" data-id=\"e78a35e\" data-element_type=\"container\">\n\t\t\t\t\t<div class=\"e-con-inner\">\n\t\t\t\t<div class=\"elementor-element elementor-element-0f31190 elementor-widget elementor-widget-text-editor\" data-id=\"0f31190\" data-element_type=\"widget\" data-widget_type=\"text-editor.default\">\n\t\t\t\t<div class=\"elementor-widget-container\">\n\t\t\t\t\t\t\t\t\t<p><span data-contrast=\"auto\">What are <strong>the benefits of inclusive education<\/strong> in early childhood for society? What are <strong> the barriers within the EU<\/strong> to its implementation? These questions were answered <\/span>by <span data-contrast=\"none\"><em>Ivelina Borisova<\/em>, a UNICEF Regional Advisor for<\/span> <span data-contrast=\"none\"> Early Childhood Education.<\/span> <span data-contrast=\"auto\">Guest speakers<\/span> <em>Bjorn Martens<\/em> <span data-contrast=\"auto\">and<\/span> <em>Hester Hulpia <\/em><span data-contrast=\"auto\"> from the Belgian city of Ghent shared an <strong>example of good practice<\/strong> of an accessible and quality system of early childhood education and care. <em>Katar\u00edna Van\u010d\u00edkov\u00e1<\/em> from Matej Bel University discussed the situation of children from <strong>excluded Roma communities in Slovakia<\/strong>. Together with <em>Eva Pup\u00edkov\u00e1 <\/em> from NIVAM, they discussed the <strong> importance of professional development for teachers<\/strong>, who play a key role in implementing inclusion in early childhood education. <\/span><span data-ccp-props=\"{\"201341983\":0,\"335559739\":160,\"335559740\":278}\"> <\/span><\/p>\n\t\t\t\t\t\t\t\t<\/div>\n\t\t\t\t<\/div>\n\t\t\t\t\t<\/div>\n\t\t\t\t<\/div>\n\t\t<div class=\"elementor-element elementor-element-d21262a e-flex e-con-boxed e-con e-parent\" data-id=\"d21262a\" data-element_type=\"container\">\n\t\t\t\t\t<div class=\"e-con-inner\">\n\t\t\t\t<div class=\"elementor-element elementor-element-0861af6 elementor-widget elementor-widget-video\" data-id=\"0861af6\" data-element_type=\"widget\" data-settings=\"{&quot;youtube_url&quot;:&quot;https:\\\/\\\/youtu.be\\\/cpP2ySiC5HI&quot;,&quot;video_type&quot;:&quot;youtube&quot;,&quot;controls&quot;:&quot;yes&quot;}\" data-widget_type=\"video.default\">\n\t\t\t\t<div class=\"elementor-widget-container\">\n\t\t\t\t\t\t\t<div class=\"elementor-wrapper elementor-open-inline\">\n\t\t\t<div class=\"elementor-video\"><\/div>\t\t<\/div>\n\t\t\t\t\t\t<\/div>\n\t\t\t\t<\/div>\n\t\t\t\t\t<\/div>\n\t\t\t\t<\/div>\n\t\t<div class=\"elementor-element elementor-element-a7e1678 e-flex e-con-boxed e-con e-parent\" data-id=\"a7e1678\" data-element_type=\"container\">\n\t\t\t\t\t<div class=\"e-con-inner\">\n\t\t\t\t\t<\/div>\n\t\t\t\t<\/div>\n\t\t<div class=\"elementor-element elementor-element-272edbe e-flex e-con-boxed e-con e-parent\" data-id=\"272edbe\" data-element_type=\"container\">\n\t\t\t\t\t<div class=\"e-con-inner\">\n\t\t\t\t<div class=\"elementor-element elementor-element-3a46fba elementor-widget elementor-widget-heading\" data-id=\"3a46fba\" data-element_type=\"widget\" data-widget_type=\"heading.default\">\n\t\t\t\t<div class=\"elementor-widget-container\">\n\t\t\t\t\t<h2 class=\"elementor-heading-title elementor-size-default\">Outputs from working groups <\/h2>\t\t\t\t<\/div>\n\t\t\t\t<\/div>\n\t\t\t\t\t<\/div>\n\t\t\t\t<\/div>\n\t\t<div class=\"elementor-element elementor-element-57f00e7 e-flex e-con-boxed e-con e-parent\" data-id=\"57f00e7\" data-element_type=\"container\">\n\t\t\t\t\t<div class=\"e-con-inner\">\n\t\t\t\t<div class=\"elementor-element elementor-element-2fc642a elementor-widget elementor-widget-text-editor\" data-id=\"2fc642a\" data-element_type=\"widget\" data-widget_type=\"text-editor.default\">\n\t\t\t\t<div class=\"elementor-widget-container\">\n\t\t\t\t\t\t\t\t\t<p><span class=\"TextRun SCXW41992922 BCX8\" lang=\"SK-SK\" xml:lang=\"SK-SK\" data-contrast=\"auto\"><span class=\"NormalTextRun CommentStart SCXW41992922 BCX8\">Participants of the Conference <\/span> <span class=\"NormalTextRun SCXW41992922 BCX8\">attended<\/span> <span class=\"NormalTextRun SCXW41992922 BCX8\">working<\/span> <span class=\"NormalTextRun SCXW41992922 BCX8\">groups<\/span> <span class=\"NormalTextRun SCXW41992922 BCX8\"> on the topics of<\/span> <strong><span class=\"NormalTextRun SpellingErrorV2Themed SCXW41992922 BCX8\">Roma desegregation<\/span><\/strong><span class=\"NormalTextRun SCXW41992922 BCX8\"> <strong>in education<\/strong> and <strong>support for new students from abroad in schools.<\/strong> See the outputs and conclusions from these working groups in a short video.<\/span><\/span><span class=\"EOP SCXW41992922 BCX8\" data-ccp-props=\"{\"201341983\":0,\"335559739\":160,\"335559740\":278}\"> <\/span><\/p>\n\t\t\t\t\t\t\t\t<\/div>\n\t\t\t\t<\/div>\n\t\t\t\t\t<\/div>\n\t\t\t\t<\/div>\n\t\t<div class=\"elementor-element elementor-element-01f6f60 e-flex e-con-boxed e-con e-parent\" data-id=\"01f6f60\" data-element_type=\"container\">\n\t\t\t\t\t<div class=\"e-con-inner\">\n\t\t\t\t<div class=\"elementor-element elementor-element-3fb410e elementor-widget elementor-widget-video\" data-id=\"3fb410e\" data-element_type=\"widget\" data-settings=\"{&quot;youtube_url&quot;:&quot;https:\\\/\\\/youtu.be\\\/_b3hzTzQyi4&quot;,&quot;video_type&quot;:&quot;youtube&quot;,&quot;controls&quot;:&quot;yes&quot;}\" data-widget_type=\"video.default\">\n\t\t\t\t<div class=\"elementor-widget-container\">\n\t\t\t\t\t\t\t<div class=\"elementor-wrapper elementor-open-inline\">\n\t\t\t<div class=\"elementor-video\"><\/div>\t\t<\/div>\n\t\t\t\t\t\t<\/div>\n\t\t\t\t<\/div>\n\t\t\t\t\t<\/div>\n\t\t\t\t<\/div>\n\t\t<div class=\"elementor-element elementor-element-7cb2405 e-flex e-con-boxed e-con e-parent\" data-id=\"7cb2405\" data-element_type=\"container\">\n\t\t\t\t\t<div class=\"e-con-inner\">\n\t\t\t\t\t<\/div>\n\t\t\t\t<\/div>\n\t\t<div class=\"elementor-element elementor-element-d396a40 e-flex e-con-boxed e-con e-parent\" data-id=\"d396a40\" data-element_type=\"container\">\n\t\t\t\t\t<div class=\"e-con-inner\">\n\t\t\t\t<div class=\"elementor-element elementor-element-a5e97be elementor-widget elementor-widget-heading\" data-id=\"a5e97be\" data-element_type=\"widget\" data-widget_type=\"heading.default\">\n\t\t\t\t<div class=\"elementor-widget-container\">\n\t\t\t\t\t<h2 class=\"elementor-heading-title elementor-size-default\">What inclusive approaches in education and child care work in Slovakia? <\/h2>\t\t\t\t<\/div>\n\t\t\t\t<\/div>\n\t\t\t\t\t<\/div>\n\t\t\t\t<\/div>\n\t\t<div class=\"elementor-element elementor-element-f283d99 e-flex e-con-boxed e-con e-parent\" data-id=\"f283d99\" data-element_type=\"container\">\n\t\t\t\t\t<div class=\"e-con-inner\">\n\t\t\t\t<div class=\"elementor-element elementor-element-1622b1b elementor-widget elementor-widget-text-editor\" data-id=\"1622b1b\" data-element_type=\"widget\" data-widget_type=\"text-editor.default\">\n\t\t\t\t<div class=\"elementor-widget-container\">\n\t\t\t\t\t\t\t\t\t<p><span class=\"TextRun SCXW192914060 BCX8\" lang=\"SK-SK\" xml:lang=\"SK-SK\" data-contrast=\"auto\"><span class=\"NormalTextRun SCXW192914060 BCX8\">Representatives of six organizations in the field of education, local government, and the non-profit sector shared how <strong>inclusive approaches in education and child care in Slovakia<\/strong> <strong>work<\/strong> from their point of view and how they put them into practice<\/span> <span class=\"NormalTextRun SCXW192914060 BCX8\">with the<\/span> <span class=\"NormalTextRun SCXW192914060 BCX8\">support<\/span> <span class=\"NormalTextRun SCXW192914060 BCX8\">of<\/span> <span class=\"NormalTextRun SCXW192914060 BCX8\">the<\/span> <em><span class=\"NormalTextRun CommentStart CommentHighlightPipeRestV2 CommentHighlightRest SCXW192914060 BCX8\">Together for Children<\/span><\/em> programme <span class=\"NormalTextRun CommentHighlightPipeRestV2 SCXW192914060 BCX8\">from the Carpathian Foundation and <a href=\"https:\/\/www.unicef.org\/\" target=\"_blank\" rel=\"noopener\">UNICEF<\/a>.<\/span><\/span><span class=\"EOP SCXW192914060 BCX8\" data-ccp-props=\"{\"201341983\":0,\"335559739\":160,\"335559740\":278}\"> <\/span><\/p>\n\t\t\t\t\t\t\t\t<\/div>\n\t\t\t\t<\/div>\n\t\t\t\t\t<\/div>\n\t\t\t\t<\/div>\n\t\t<div class=\"elementor-element elementor-element-61df4c9 e-flex e-con-boxed e-con e-parent\" data-id=\"61df4c9\" data-element_type=\"container\">\n\t\t\t\t\t<div class=\"e-con-inner\">\n\t\t\t\t<div class=\"elementor-element elementor-element-920e280 elementor-widget elementor-widget-video\" data-id=\"920e280\" data-element_type=\"widget\" data-settings=\"{&quot;youtube_url&quot;:&quot;https:\\\/\\\/youtu.be\\\/Lzf9hANcpqs&quot;,&quot;video_type&quot;:&quot;youtube&quot;,&quot;controls&quot;:&quot;yes&quot;}\" data-widget_type=\"video.default\">\n\t\t\t\t<div class=\"elementor-widget-container\">\n\t\t\t\t\t\t\t<div class=\"elementor-wrapper elementor-open-inline\">\n\t\t\t<div class=\"elementor-video\"><\/div>\t\t<\/div>\n\t\t\t\t\t\t<\/div>\n\t\t\t\t<\/div>\n\t\t\t\t\t<\/div>\n\t\t\t\t<\/div>\n\t\t<div class=\"elementor-element elementor-element-4f77768 e-flex e-con-boxed e-con e-parent\" data-id=\"4f77768\" data-element_type=\"container\">\n\t\t\t\t\t<div class=\"e-con-inner\">\n\t\t\t\t\t<\/div>\n\t\t\t\t<\/div>\n\t\t<div class=\"elementor-element elementor-element-e6aeec0 e-flex e-con-boxed e-con e-parent\" data-id=\"e6aeec0\" data-element_type=\"container\">\n\t\t\t\t\t<div class=\"e-con-inner\">\n\t\t\t\t<div class=\"elementor-element elementor-element-ed12ce1 elementor-widget elementor-widget-heading\" data-id=\"ed12ce1\" data-element_type=\"widget\" data-widget_type=\"heading.default\">\n\t\t\t\t<div class=\"elementor-widget-container\">\n\t\t\t\t\t<h2 class=\"elementor-heading-title elementor-size-default\">Discussion on inclusive education with Gautam Rana, Ambassador of the United States to Slovakia <\/h2>\t\t\t\t<\/div>\n\t\t\t\t<\/div>\n\t\t\t\t\t<\/div>\n\t\t\t\t<\/div>\n\t\t<div class=\"elementor-element elementor-element-c54b8b7 e-flex e-con-boxed e-con e-parent\" data-id=\"c54b8b7\" data-element_type=\"container\">\n\t\t\t\t\t<div class=\"e-con-inner\">\n\t\t\t\t<div class=\"elementor-element elementor-element-8d3a2bb elementor-widget elementor-widget-text-editor\" data-id=\"8d3a2bb\" data-element_type=\"widget\" data-widget_type=\"text-editor.default\">\n\t\t\t\t<div class=\"elementor-widget-container\">\n\t\t\t\t\t\t\t\t\t<p><span data-contrast=\"auto\">The discussion on inclusive education should never take place without considering it first <strong>from the perspective of the child, their perceptions, and feelings<\/strong>, said <em>Gautam Rana<\/em>, Ambassador of the United States to Slovakia.<\/span><span data-ccp-props=\"{\"201341983\":0,\"335559739\":160,\"335559740\":278}\"> <\/span><\/p>\n<p><span data-contrast=\"auto\">He also spoke <strong>about his personal experience with his own disability<\/strong>, emphasizing the contribution of inclusive education to his life.<\/span><span data-ccp-props=\"{\"201341983\":0,\"335559739\":160,\"335559740\":278}\"> <\/span><\/p>\n\t\t\t\t\t\t\t\t<\/div>\n\t\t\t\t<\/div>\n\t\t\t\t\t<\/div>\n\t\t\t\t<\/div>\n\t\t<div class=\"elementor-element elementor-element-c9d819a e-flex e-con-boxed e-con e-parent\" data-id=\"c9d819a\" data-element_type=\"container\">\n\t\t\t\t\t<div class=\"e-con-inner\">\n\t\t\t\t<div class=\"elementor-element elementor-element-4b15a2e elementor-widget elementor-widget-video\" data-id=\"4b15a2e\" data-element_type=\"widget\" data-settings=\"{&quot;youtube_url&quot;:&quot;https:\\\/\\\/youtu.be\\\/IoldrBV7UKs&quot;,&quot;video_type&quot;:&quot;youtube&quot;,&quot;controls&quot;:&quot;yes&quot;}\" data-widget_type=\"video.default\">\n\t\t\t\t<div class=\"elementor-widget-container\">\n\t\t\t\t\t\t\t<div class=\"elementor-wrapper elementor-open-inline\">\n\t\t\t<div class=\"elementor-video\"><\/div>\t\t<\/div>\n\t\t\t\t\t\t<\/div>\n\t\t\t\t<\/div>\n\t\t\t\t\t<\/div>\n\t\t\t\t<\/div>\n\t\t<div class=\"elementor-element elementor-element-503cb3d e-flex e-con-boxed e-con e-parent\" data-id=\"503cb3d\" data-element_type=\"container\">\n\t\t\t\t\t<div class=\"e-con-inner\">\n\t\t\t\t\t<\/div>\n\t\t\t\t<\/div>\n\t\t<div class=\"elementor-element elementor-element-faf13d4 e-flex e-con-boxed e-con e-parent\" data-id=\"faf13d4\" data-element_type=\"container\">\n\t\t\t\t\t<div class=\"e-con-inner\">\n\t\t\t\t<div class=\"elementor-element elementor-element-098d3e7 elementor-widget elementor-widget-heading\" data-id=\"098d3e7\" data-element_type=\"widget\" data-widget_type=\"heading.default\">\n\t\t\t\t<div class=\"elementor-widget-container\">\n\t\t\t\t\t<h2 class=\"elementor-heading-title elementor-size-default\">Next steps for inclusion in Slovakia according to K\u00e1lm\u00e1n Pet\u0151cz from the Ministry of Education of the SR <\/h2>\t\t\t\t<\/div>\n\t\t\t\t<\/div>\n\t\t\t\t\t<\/div>\n\t\t\t\t<\/div>\n\t\t<div class=\"elementor-element elementor-element-2a2e570 e-flex e-con-boxed e-con e-parent\" data-id=\"2a2e570\" data-element_type=\"container\">\n\t\t\t\t\t<div class=\"e-con-inner\">\n\t\t\t\t<div class=\"elementor-element elementor-element-7916518 elementor-widget elementor-widget-text-editor\" data-id=\"7916518\" data-element_type=\"widget\" data-widget_type=\"text-editor.default\">\n\t\t\t\t<div class=\"elementor-widget-container\">\n\t\t\t\t\t\t\t\t\t<p><span class=\"TextRun SCXW49947450 BCX8\" lang=\"SK-SK\" xml:lang=\"SK-SK\" data-contrast=\"auto\"><em><span class=\"NormalTextRun SCXW49947450 BCX8\">K\u00e1lm\u00e1n<\/span> <span class=\"NormalTextRun SpellingErrorV2Themed SCXW49947450 BCX8\">Pet\u0151cz<\/span><\/em><span class=\"NormalTextRun SCXW49947450 BCX8\">, <\/span> <span class=\"NormalTextRun SCXW49947450 BCX8\">D<\/span><span class=\"NormalTextRun SCXW49947450 BCX8\">irector General of Inclusive Education and National Minorities, Ministry of Education of the SR<\/span><span class=\"NormalTextRun SCXW49947450 BCX8\">,<\/span> <span class=\"NormalTextRun CommentStart SCXW49947450 BCX8\">spoke<\/span> <span class=\"NormalTextRun SCXW49947450 BCX8\">about<\/span> <span class=\"NormalTextRun SCXW49947450 BCX8\"><strong>further steps for implementing inclusion in Slovakia<\/strong>. He emphasized<\/span><span class=\"NormalTextRun SCXW49947450 BCX8\">the<\/span> <span class=\"NormalTextRun SCXW49947450 BCX8\">need<\/span> <span class=\"NormalTextRun SCXW49947450 BCX8\">for the joint education of different groups of children with a focus on individual approach, while also highlighting the importance of creating an atmosphere in schools where children, teachers, and parents feel comfortable and eager to return to school.<\/span><\/span><span class=\"EOP SCXW49947450 BCX8\" data-ccp-props=\"{\"201341983\":0,\"335559739\":160,\"335559740\":278}\"> <\/span><\/p>\n\t\t\t\t\t\t\t\t<\/div>\n\t\t\t\t<\/div>\n\t\t\t\t\t<\/div>\n\t\t\t\t<\/div>\n\t\t<div class=\"elementor-element elementor-element-fbd4e62 e-flex e-con-boxed e-con e-parent\" data-id=\"fbd4e62\" data-element_type=\"container\">\n\t\t\t\t\t<div class=\"e-con-inner\">\n\t\t\t\t<div class=\"elementor-element elementor-element-18bd1f8 elementor-widget elementor-widget-video\" data-id=\"18bd1f8\" data-element_type=\"widget\" data-settings=\"{&quot;youtube_url&quot;:&quot;https:\\\/\\\/youtu.be\\\/uNacG-PhxNw&quot;,&quot;video_type&quot;:&quot;youtube&quot;,&quot;controls&quot;:&quot;yes&quot;}\" data-widget_type=\"video.default\">\n\t\t\t\t<div class=\"elementor-widget-container\">\n\t\t\t\t\t\t\t<div class=\"elementor-wrapper elementor-open-inline\">\n\t\t\t<div class=\"elementor-video\"><\/div>\t\t<\/div>\n\t\t\t\t\t\t<\/div>\n\t\t\t\t<\/div>\n\t\t\t\t\t<\/div>\n\t\t\t\t<\/div>\n\t\t<div class=\"elementor-element elementor-element-fb46147 e-flex e-con-boxed e-con e-parent\" data-id=\"fb46147\" data-element_type=\"container\">\n\t\t\t\t\t<div class=\"e-con-inner\">\n\t\t\t\t\t<\/div>\n\t\t\t\t<\/div>\n\t\t<div class=\"elementor-element elementor-element-e2d6506 e-flex e-con-boxed e-con e-parent\" data-id=\"e2d6506\" data-element_type=\"container\">\n\t\t\t\t\t<div class=\"e-con-inner\">\n\t\t\t\t<div class=\"elementor-element elementor-element-32659dd elementor-widget elementor-widget-heading\" data-id=\"32659dd\" data-element_type=\"widget\" data-widget_type=\"heading.default\">\n\t\t\t\t<div class=\"elementor-widget-container\">\n\t\t\t\t\t<h2 class=\"elementor-heading-title elementor-size-default\">Closing Speeches <\/h2>\t\t\t\t<\/div>\n\t\t\t\t<\/div>\n\t\t\t\t\t<\/div>\n\t\t\t\t<\/div>\n\t\t<div class=\"elementor-element elementor-element-128830b e-flex e-con-boxed e-con e-parent\" data-id=\"128830b\" data-element_type=\"container\">\n\t\t\t\t\t<div class=\"e-con-inner\">\n\t\t\t\t<div class=\"elementor-element elementor-element-eba0e8f elementor-widget elementor-widget-text-editor\" data-id=\"eba0e8f\" data-element_type=\"widget\" data-widget_type=\"text-editor.default\">\n\t\t\t\t<div class=\"elementor-widget-container\">\n\t\t\t\t\t\t\t\t\t<p><span class=\"TextRun SCXW184210441 BCX8\" lang=\"SK-SK\" xml:lang=\"SK-SK\" data-contrast=\"auto\"><span class=\"NormalTextRun SCXW184210441 BCX8\">The organizers of the International Conference on Inclusive Education, <em>Veronika Mi\u0161kech Fri\u010dov\u00e1<\/em><\/span> from the <span class=\"NormalTextRun SCXW184210441 BCX8\">Carpathian Foundation<\/span> <span class=\"NormalTextRun SCXW184210441 BCX8\">and<\/span> <em><span class=\"NormalTextRun SpellingErrorV2Themed SCXW184210441 BCX8\">Tanja<\/span> <span class=\"NormalTextRun SpellingErrorV2Themed SCXW184210441 BCX8\">Rankovi<\/span><span class=\"NormalTextRun SpellingErrorV2Themed SCXW184210441 BCX8\">c<\/span><\/em> from <span class=\"NormalTextRun SCXW184210441 BCX8\">UNICEF<\/span>, <span class=\"NormalTextRun SCXW184210441 BCX8\">summarized the course of the conference and<\/span> <span class=\"NormalTextRun SCXW184210441 BCX8\">provided <strong>important and practical<\/strong><\/span> <strong><span class=\"NormalTextRun SCXW184210441 BCX8\">conclusions<\/span><\/strong><span class=\"NormalTextRun CommentStart SCXW184210441 BCX8\">. <\/span><\/span><span class=\"EOP SCXW184210441 BCX8\" data-ccp-props=\"{\"201341983\":0,\"335559739\":160,\"335559740\":278}\"> <\/span><\/p>\n\t\t\t\t\t\t\t\t<\/div>\n\t\t\t\t<\/div>\n\t\t\t\t\t<\/div>\n\t\t\t\t<\/div>\n\t\t<div class=\"elementor-element elementor-element-6ee9ec0 e-flex e-con-boxed e-con e-parent\" data-id=\"6ee9ec0\" data-element_type=\"container\">\n\t\t\t\t\t<div class=\"e-con-inner\">\n\t\t\t\t<div class=\"elementor-element elementor-element-2ceda6e elementor-widget elementor-widget-video\" data-id=\"2ceda6e\" data-element_type=\"widget\" data-settings=\"{&quot;youtube_url&quot;:&quot;https:\\\/\\\/youtu.be\\\/v2NgW1iD7yw&quot;,&quot;video_type&quot;:&quot;youtube&quot;,&quot;controls&quot;:&quot;yes&quot;}\" data-widget_type=\"video.default\">\n\t\t\t\t<div class=\"elementor-widget-container\">\n\t\t\t\t\t\t\t<div class=\"elementor-wrapper elementor-open-inline\">\n\t\t\t<div class=\"elementor-video\"><\/div>\t\t<\/div>\n\t\t\t\t\t\t<\/div>\n\t\t\t\t<\/div>\n\t\t\t\t\t<\/div>\n\t\t\t\t<\/div>\n\t\t\t\t<\/div>\n\t\t","protected":false},"excerpt":{"rendered":"<p>At the International Conference on Inclusive Education, &#8220;A Way Forward In Slovakia,&#8221; experts from Portugal, Switzerland, Belgium, Greece, the USA, Serbia, Bulgaria, the Czech Republic, and Slovakia shared many important experiences, inspirations, and lessons from inclusive education. Recordings of insightful lectures, presentations, or workshops can be viewed in the videos in this article.<\/p>\n","protected":false},"author":10,"featured_media":17669,"comment_status":"closed","ping_status":"closed","sticky":false,"template":"","format":"standard","meta":{"_acf_changed":false,"site-sidebar-layout":"default","site-content-layout":"default","ast-site-content-layout":"default","site-content-style":"default","site-sidebar-style":"default","ast-global-header-display":"","ast-banner-title-visibility":"","ast-main-header-display":"","ast-hfb-above-header-display":"","ast-hfb-below-header-display":"","ast-hfb-mobile-header-display":"","site-post-title":"","ast-breadcrumbs-content":"","ast-featured-img":"","footer-sml-layout":"","ast-disable-related-posts":"","theme-transparent-header-meta":"default","adv-header-id-meta":"","stick-header-meta":"","header-above-stick-meta":"","header-main-stick-meta":"","header-below-stick-meta":"","astra-migrate-meta-layouts":"default","ast-page-background-enabled":"default","ast-page-background-meta":{"desktop":{"background-color":"","background-image":"","background-repeat":"repeat","background-position":"center center","background-size":"auto","background-attachment":"scroll","background-type":"","background-media":"","overlay-type":"","overlay-color":"","overlay-opacity":"","overlay-gradient":""},"tablet":{"background-color":"","background-image":"","background-repeat":"repeat","background-position":"center center","background-size":"auto","background-attachment":"scroll","background-type":"","background-media":"","overlay-type":"","overlay-color":"","overlay-opacity":"","overlay-gradient":""},"mobile":{"background-color":"","background-image":"","background-repeat":"repeat","background-position":"center center","background-size":"auto","background-attachment":"scroll","background-type":"","background-media":"","overlay-type":"","overlay-color":"","overlay-opacity":"","overlay-gradient":""}},"ast-content-background-meta":{"desktop":{"background-color":"var(--ast-global-color-5)","background-image":"","background-repeat":"repeat","background-position":"center center","background-size":"auto","background-attachment":"scroll","background-type":"","background-media":"","overlay-type":"","overlay-color":"","overlay-opacity":"","overlay-gradient":""},"tablet":{"background-color":"var(--ast-global-color-5)","background-image":"","background-repeat":"repeat","background-position":"center center","background-size":"auto","background-attachment":"scroll","background-type":"","background-media":"","overlay-type":"","overlay-color":"","overlay-opacity":"","overlay-gradient":""},"mobile":{"background-color":"var(--ast-global-color-5)","background-image":"","background-repeat":"repeat","background-position":"center center","background-size":"auto","background-attachment":"scroll","background-type":"","background-media":"","overlay-type":"","overlay-color":"","overlay-opacity":"","overlay-gradient":""}},"footnotes":""},"categories":[29],"tags":[],"class_list":["post-18371","post","type-post","status-publish","format-standard","has-post-thumbnail","hentry","category-news"],"acf":[],"_links":{"self":[{"href":"https:\/\/karpatskanadacia.sk\/en\/wp-json\/wp\/v2\/posts\/18371","targetHints":{"allow":["GET"]}}],"collection":[{"href":"https:\/\/karpatskanadacia.sk\/en\/wp-json\/wp\/v2\/posts"}],"about":[{"href":"https:\/\/karpatskanadacia.sk\/en\/wp-json\/wp\/v2\/types\/post"}],"author":[{"embeddable":true,"href":"https:\/\/karpatskanadacia.sk\/en\/wp-json\/wp\/v2\/users\/10"}],"replies":[{"embeddable":true,"href":"https:\/\/karpatskanadacia.sk\/en\/wp-json\/wp\/v2\/comments?post=18371"}],"version-history":[{"count":5,"href":"https:\/\/karpatskanadacia.sk\/en\/wp-json\/wp\/v2\/posts\/18371\/revisions"}],"predecessor-version":[{"id":18386,"href":"https:\/\/karpatskanadacia.sk\/en\/wp-json\/wp\/v2\/posts\/18371\/revisions\/18386"}],"wp:featuredmedia":[{"embeddable":true,"href":"https:\/\/karpatskanadacia.sk\/en\/wp-json\/wp\/v2\/media\/17669"}],"wp:attachment":[{"href":"https:\/\/karpatskanadacia.sk\/en\/wp-json\/wp\/v2\/media?parent=18371"}],"wp:term":[{"taxonomy":"category","embeddable":true,"href":"https:\/\/karpatskanadacia.sk\/en\/wp-json\/wp\/v2\/categories?post=18371"},{"taxonomy":"post_tag","embeddable":true,"href":"https:\/\/karpatskanadacia.sk\/en\/wp-json\/wp\/v2\/tags?post=18371"}],"curies":[{"name":"wp","href":"https:\/\/api.w.org\/{rel}","templated":true}]}}